{"id":1661,"count":0,"description":"Uma pe\u00e7a fundamental de mobili\u00e1rio para qualquer sof\u00e1 modular. Os nossos sof\u00e1s de canto tornam poss\u00edvel qualquer forma\u00e7\u00e3o.","link":"https:\/\/byoliveira.com\/pt-pt\/categoria-produto\/mobiliario\/sofas-design\/sofas-de-canto\/","name":"Sof\u00e1s de Canto","slug":"sofas-de-canto","taxonomy":"product_cat","parent":1439,"meta":[],"menu_order":87,"_links":{"self":[{"href":"https:\/\/byoliveira.com\/pt-pt\/wp-json\/wp\/v2\/product_cat\/1661","targetHints":{"allow":["GET"]}}],"collection":[{"href":"https:\/\/byoliveira.com\/pt-pt\/wp-json\/wp\/v2\/product_cat"}],"about":[{"href":"https:\/\/byoliveira.com\/pt-pt\/wp-json\/wp\/v2\/taxonomies\/product_cat"}],"up":[{"embeddable":true,"href":"https:\/\/byoliveira.com\/pt-pt\/wp-json\/wp\/v2\/product_cat\/1439"}],"wp:post_type":[{"href":"https:\/\/byoliveira.com\/pt-pt\/wp-json\/wp\/v2\/product?product_cat=1661"}],"curies":[{"name":"wp","href":"https:\/\/api.w.org\/{rel}","templated":true}]}}